{"id":4597,"global_id":"paroisse.saintmicheldurhone.fr?id=4597","global_id_lineage":["paroisse.saintmicheldurhone.fr?id=4597"],"author":"1","status":"publish","date":"2024-09-28 10:36:12","date_utc":"2024-09-28 08:36:12","modified":"2025-01-24 06:11:48","modified_utc":"2025-01-24 05:11:48","url":"https:\/\/paroisse.saintmicheldurhone.fr\/?tribe_events=pelerinage-a-rome-en-mars-2025","rest_url":"https:\/\/paroisse.saintmicheldurhone.fr\/index.php?rest_route=\/tribe\/events\/v1\/events\/4597","title":"P\u00e9lerinage \u00e0 Rome en mars 2025","description":"<p>Le dioc\u00e8se de Viviers organise un <strong>p\u00e8lerinage \u00e0 Rome<\/strong> du <strong>1er au 7 mars 2025<\/strong>.<\/p>\n<p>Retenez d\u00e9j\u00e0 ces dates pour vous inscrire au plus vite \u00e0 la paroisse !<\/p>\n<a href=\"https:\/\/paroisse.saintmicheldurhone.fr\/wp-content\/uploads\/2024\/09\/tract-Rome.pdf\" class=\"pdfemb-viewer\" style=\"\" data-width=\"max\" data-height=\"max\" data-toolbar=\"bottom\" data-toolbar-fixed=\"on\">tract Rome<\/a>","excerpt":"","slug":"pelerinage-a-rome-en-mars-2025","image":{"url":"https:\/\/paroisse.saintmicheldurhone.fr\/wp-content\/uploads\/2024\/09\/Jubile-Rome-Image-1.jpg","id":4877,"extension":"jpg","width":523,"height":472,"filesize":86791,"sizes":{"medium":{"width":300,"height":271,"mime-type":"image\/jpeg","filesize":22891,"url":"https:\/\/paroisse.saintmicheldurhone.fr\/wp-content\/uploads\/2024\/09\/Jubile-Rome-Image-1-300x271.jpg"},"thumbnail":{"width":150,"height":150,"mime-type":"image\/jpeg","filesize":7994,"url":"https:\/\/paroisse.saintmicheldurhone.fr\/wp-content\/uploads\/2024\/09\/Jubile-Rome-Image-1-150x150.jpg"}}},"all_day":true,"start_date":"2025-03-01 00:00:00","start_date_details":{"year":"2025","month":"03","day":"01","hour":"00","minutes":"00","seconds":"00"},"end_date":"2025-03-07 23:59:59","end_date_details":{"year":"2025","month":"03","day":"07","hour":"23","minutes":"59","seconds":"59"},"utc_start_date":"2025-02-28 23:00:00","utc_start_date_details":{"year":"2025","month":"02","day":"28","hour":"23","minutes":"00","seconds":"00"},"utc_end_date":"2025-03-07 22:59:59","utc_end_date_details":{"year":"2025","month":"03","day":"07","hour":"22","minutes":"59","seconds":"59"},"timezone":"Europe\/Paris","timezone_abbr":"CET","cost":"","cost_details":{"currency_symbol":"\u20ac","currency_code":"EUR","currency_position":"suffix","values":[]},"website":"","show_map":true,"show_map_link":true,"hide_from_listings":false,"sticky":false,"featured":false,"categories":[],"tags":[{"name":"P\u00e8lerinage","slug":"pelerinage","term_group":0,"term_taxonomy_id":19,"taxonomy":"post_tag","description":"","parent":0,"count":1,"filter":"raw","id":19,"urls":{"self":"https:\/\/paroisse.saintmicheldurhone.fr\/index.php?rest_route=\/tribe\/events\/v1\/tags\/19","collection":"https:\/\/paroisse.saintmicheldurhone.fr\/index.php?rest_route=\/tribe\/events\/v1\/tags"}}],"venue":{"id":4595,"author":"1","status":"publish","date":"2024-09-28 10:31:28","date_utc":"2024-09-28 08:31:28","modified":"2024-09-28 10:31:28","modified_utc":"2024-09-28 08:31:28","url":"https:\/\/paroisse.saintmicheldurhone.fr\/?tribe_venue=rome","venue":"Rome","slug":"rome","json_ld":{"@type":"Place","name":"Rome","description":"","url":"","address":{"@type":"PostalAddress"},"telephone":"","sameAs":""},"show_map":false,"show_map_link":false,"global_id":"paroisse.saintmicheldurhone.fr?id=4595","global_id_lineage":["paroisse.saintmicheldurhone.fr?id=4595"]},"organizer":[{"id":4598,"author":"1","status":"publish","date":"2024-09-28 10:36:12","date_utc":"2024-09-28 08:36:12","modified":"2024-09-28 10:36:12","modified_utc":"2024-09-28 08:36:12","url":"https:\/\/paroisse.saintmicheldurhone.fr\/?tribe_organizer=diocese-de-viviers","organizer":"Dioc\u00e8se de Viviers","slug":"diocese-de-viviers","website":"https:\/\/ardeche.catholique.fr\/","json_ld":{"@type":"Person","name":"Dioc\u00e8se de Viviers","description":"","url":"https:\/\/ardeche.catholique.fr\/","telephone":"","email":"","sameAs":"https:\/\/ardeche.catholique.fr\/"},"global_id":"paroisse.saintmicheldurhone.fr?id=4598","global_id_lineage":["paroisse.saintmicheldurhone.fr?id=4598"]}],"custom_fields":[],"json_ld":{"@context":"http:\/\/schema.org","@type":"Event","name":"P\u00e9lerinage \u00e0 Rome en mars 2025","description":"&lt;p&gt;Le dioc\u00e8se de Viviers organise un p\u00e8lerinage \u00e0 Rome du 1er au 7 mars 2025. Retenez d\u00e9j\u00e0 ces dates pour vous inscrire au plus vite \u00e0 la paroisse !&lt;\/p&gt;\\n","image":"https:\/\/paroisse.saintmicheldurhone.fr\/wp-content\/uploads\/2024\/09\/Jubile-Rome-Image-1.jpg","url":"https:\/\/paroisse.saintmicheldurhone.fr\/?tribe_events=pelerinage-a-rome-en-mars-2025","eventAttendanceMode":"https:\/\/schema.org\/OfflineEventAttendanceMode","eventStatus":"https:\/\/schema.org\/EventScheduled","startDate":"2025-03-01T00:00:00+01:00","endDate":"2025-03-07T23:59:59+01:00","location":{"@type":"Place","name":"Rome","description":"","url":"","address":{"@type":"PostalAddress"},"telephone":"","sameAs":""},"organizer":{"@type":"Person","name":"Dioc\u00e8se de Viviers","description":"","url":"https:\/\/ardeche.catholique.fr\/","telephone":"","email":"","sameAs":"https:\/\/ardeche.catholique.fr\/"},"performer":"Organization"}}